{"id":521,"date":"2019-11-12T20:08:42","date_gmt":"2019-11-12T19:08:42","guid":{"rendered":"http:\/\/www.franziskus-stiftung-kreuzburg.de\/cms\/?p=521"},"modified":"2026-02-25T18:26:59","modified_gmt":"2026-02-25T17:26:59","slug":"franziskaner-uebergeben-ihre-schule-an-eine-stiftung-langjaehriger-geschaeftsfuehrer-der-schule-wird-verabschiedet","status":"publish","type":"post","link":"https:\/\/www.franziskus-stiftung-kreuzburg.de\/cms\/2019\/11\/12\/franziskaner-uebergeben-ihre-schule-an-eine-stiftung-langjaehriger-geschaeftsfuehrer-der-schule-wird-verabschiedet\/","title":{"rendered":"Franziskaner \u00fcbergeben ihre Schule an eine Stiftung \u2013 langj\u00e4hriger Gesch\u00e4ftsf\u00fchrer der Schule wird verabschiedet"},"content":{"rendered":"<p>Die Beendigung einer \u00c4ra und den Beginn einer neuen Tr\u00e4gerstruktur feierte die Kreuzburg, Gro\u00dfkrotzenburg am letzten Freitag. In einem Festakt \u00fcberreichte die Regierungspr\u00e4sidentin Brigitte Lindscheid die Urkunde zur Errichtung der Franziskus-Stiftung Kreuzburg. Gleichzeitig wurde P. Udo Schm\u00e4lzle OFM als langj\u00e4hriger Gesch\u00e4ftsf\u00fchrer der Franziskanergymnasium Kreuzburg gGmbH verabschiedet.<\/p>\n<p>Markus Fuhrmann OFM, der Vorsitzende des Stiftungsrates, konnte in seiner Begr\u00fc\u00dfungsrede Vertreter der Schul\u00e4mter aus den Bist\u00fcmern Fulda, Mainz und W\u00fcrzburg sowie des staatlichen Schulamtes begr\u00fc\u00dfen. In pers\u00f6nlicher Vertretung f\u00fcr Generalvikar Prof. Dr. Gerhard Stanke hie\u00df er den Referenten f\u00fcr Orden im Bistum Fulda, Spiritual Dr. Wolfgang Hartmann, die Mitarbeiter der Kreuzburg sowie zahlreiche weitere G\u00e4ste willkommen. P. Markus betonte, \u201eum eine stabile Identit\u00e4t und eine selbstbewusste Pers\u00f6nlichkeit zu entwickeln und gut leben zu k\u00f6nnen &#8211; um zu einem gegl\u00fcckten Leben zu kommen &#8211; da bedarf es Orte, an denen ich als Mensch wachsen kann.\u201c F\u00fcr P. Markus ist das Franziskanergymnasium Kreuzburg ein solcher Ort, der seit \u00fcber 50 Jahren auch und gerade von Franziskanern gepr\u00e4gt wurde. Er ist fest davon \u00fcberzeugt, \u201edass es im Leben dieser Schule viele Momente gibt, die sie tats\u00e4chlich zu einem lebensf\u00f6rdernden Lern- und Wachstumsort machen &#8211; f\u00fcr Sch\u00fclerinnen und Sch\u00fcler, f\u00fcr Lehrerinnen und Lehrer, aber auch f\u00fcr Eltern\u201c.<\/p>\n<p>Zur Entscheidung der Franziskaner, die Schule in eine Stiftungstr\u00e4gerschaft zu \u00fcberf\u00fchren, sagte er: \u201eEs ist uns wichtig, dass diese Schule und die damit verbundenen Institutionen in eine gute Zukunft gehen und auf diese Weise Wachstumsorte bleiben. Wir sind davon \u00fcberzeugt, dass die Franziskus-Stiftung Kreuzburg als neuer alleiniger Gesellschafter der Schul-GmbH eine gute Nachfolgerin f\u00fcr die Deutsche Franziskanerprovinz in der Tr\u00e4gerschaft der Kreuzburg ist.\u201c<\/p>\n<p>F\u00fcr den Provinzialminister der Deutschen Franziskanerprovinz, P. Cornelius Bohl OFM, geht es \u201e um die Zukunft der Kreuzburg\u201c. Die Deutsche Franziskanerprovinz hat sich in einem langen Prozess daf\u00fcr entschieden, die Franziskus-Stiftung Kreuzburg ins Leben zu rufen. P. Cornelius bedankte sich bei den Gesch\u00e4ftsf\u00fchrern der Schule, P. Udo Schm\u00e4lzle OFM und Bernward Bickmann, f\u00fcr die engagierte Begleitung und fachliche Expertise w\u00e4hrend des Errichtungsprozesses. Zum August dieses Jahres konnte die Stiftung gegr\u00fcndet werden, um zuk\u00fcnftig auf dem bew\u00e4hrten Fundament die Arbeit an der Kreuzburg mit der Schule und dem Franziskanischen Bildungswerk e.V. abzusichern.<\/p>\n<p>Regierungspr\u00e4sidentin Lindscheid begr\u00fc\u00dfte ausdr\u00fccklich die Initiative zur Gr\u00fcndung einer gemeinn\u00fctzigen Stiftung. Bei der Franziskus-Stiftung Kreuzburg handelt es sich um die 1.521-ste Stiftung im Regierungspr\u00e4sidium Darmstadt. \u201eF\u00fcr eine Schule ist dies kein allt\u00e4glicher Weg, so die Regierungspr\u00e4sidentin, \u201eaber es ist ein sinnvoller Weg, um die Schule in eine gute Richtung und in eine sichere Zukunft zu f\u00fchren.\u201c<\/p>\n<p>Zu den Menschen, die die Kreuzburg und ihr p\u00e4dagogisches Konzept seit \u00fcber 40 Jahren mitgepr\u00e4gt haben, z\u00e4hlte P. Udo Schm\u00e4lzle OFM, der von P. Cornelius in dem Festakt verabschiedet wurde. Dabei betonte P. Cornelius, dass f\u00fcr den emeritierten Professor f\u00fcr Pastoraltheologie immer die Menschen im Zentrum seiner Arbeit gestanden h\u00e4tten, und er bezeichnete P. Udo als \u00b4Spiritus Rector\u2018 der Kreuzburg.<\/p>\n<p>Udo Schm\u00e4lzle stellte in seiner Rede fest, dass die Erziehung junger Menschen nicht teilbar zwischen Schule und Elternhaus ist. \u201eEltern und Lehrkr\u00e4fte sind gemeinsam verantwortlich\u201c, so Schm\u00e4lzle. Dies ist f\u00fcr ihn die Architektur der Kreuzburg. \u201eDiese Haltung im schulischen Umgang miteinander nimmt alle in die Pflicht und muss mit jeder Eltern-, Sch\u00fcler- und Lehrergeneration neu gesichert und manchmal auch erk\u00e4mpft werden\u201c, f\u00fchrt P. Udo aus. \u201eUnsere Architektur ist urdemokratisch, urbiblisch und urfranziskanisch.\u201c<\/p>\n<p>Bernward Bickmann, Vorsitzender des neuen Stiftungsvorstandes und langj\u00e4hriger Weggef\u00e4hrte von P. Udo Schm\u00e4lzle im Franziskanischen Bildungswerk und in der Gesch\u00e4ftsf\u00fchrung der Schule, bedankte sich zum Abschluss des Festaktes ausdr\u00fccklich bei der Deutschen Franziskanerprovinz daf\u00fcr, dass sie durch die \u00dcbertragung der Immobilie und des Grundst\u00fcckes auf die Franziskus-Stiftung Kreuzburg und durch die Zustiftung von Barmitteln der Stiftung einen guten Start erm\u00f6glicht.&nbsp; An P. Udo gerichtet bedankte er sich f\u00fcr eine \u00fcber 34-j\u00e4hrige Zusammenarbeit, die immer von gegenseitigem Respekt gepr\u00e4gt war.<\/p>\n<p><strong>Franziskus-Stiftung-Kreuzburg<\/strong><\/p>\n<p>Seit dem 1. August 2019 arbeitet die von der Deutschen Franziskanerprovinz ins Leben gerufene und vom Regierungspr\u00e4sidium Darmstadt errichtete Franziskus-Stiftung Kreuzburg. Die Stiftung ist alleinige Gesellschafterin der Franziskanergymnasium Kreuzburg gGmbH, mit derzeit 1.250 Sch\u00fclerinnen und Sch\u00fclern sowie 120 Mitarbeitern. Daneben wird die Stiftung die Bildung und Erziehung von Menschen auf der Grundlage der christlichen, franziskanischen Spiritualit\u00e4t f\u00f6rdern. Zu diesem Zweck sollen die schulischen und au\u00dferschulischen Bildungsma\u00dfnahmen an der Kreuzburg unterst\u00fctzt werden.<\/p>\n<p>Als Stiftungsvorstand sind Kreuzburg-Gesch\u00e4ftsf\u00fchrer Bernward Bickmann und P. Franz-Josef Kr\u00f6ger OFM f\u00fcr den laufenden Betrieb verantwortlich.<\/p>\n<p>Der Stiftungsrat, der von der Deutschen Franziskanerprovinz berufen wurde, ist besetzt mit Br. Markus Fuhrmann OFM, Ulrich Hilbert, Frankfurt, und Volkmar Spielmann, Hanau.<\/p>\n<p>&nbsp;<\/p>\nngg_shortcode_0_placeholder\n","protected":false},"excerpt":{"rendered":"<p>Die Beendigung einer \u00c4ra und den Beginn einer neuen Tr\u00e4gerstruktur feierte die Kreuzburg, Gro\u00dfkrotzenburg am letzten Freitag. In einem Festakt \u00fcberreichte die Regierungspr\u00e4sidentin Brigitte Lindscheid die Urkunde zur Errichtung der Franziskus-Stiftung Kreuzburg. Gleichzeitig wurde P. Udo Schm\u00e4lzle OFM als langj\u00e4hriger<\/p>\n","protected":false},"author":2,"featured_media":0,"comment_status":"closed","ping_status":"closed","sticky":false,"template":"","format":"standard","meta":{"ngg_post_thumbnail":0,"footnotes":""},"categories":[1],"tags":[],"class_list":["post-521","post","type-post","status-publish","format-standard","hentry","category-allgemein"],"_links":{"self":[{"href":"https:\/\/www.franziskus-stiftung-kreuzburg.de\/cms\/wp-json\/wp\/v2\/posts\/521","targetHints":{"allow":["GET"]}}],"collection":[{"href":"https:\/\/www.franziskus-stiftung-kreuzburg.de\/cms\/wp-json\/wp\/v2\/posts"}],"about":[{"href":"https:\/\/www.franziskus-stiftung-kreuzburg.de\/cms\/wp-json\/wp\/v2\/types\/post"}],"author":[{"embeddable":true,"href":"https:\/\/www.franziskus-stiftung-kreuzburg.de\/cms\/wp-json\/wp\/v2\/users\/2"}],"replies":[{"embeddable":true,"href":"https:\/\/www.franziskus-stiftung-kreuzburg.de\/cms\/wp-json\/wp\/v2\/comments?post=521"}],"version-history":[{"count":3,"href":"https:\/\/www.franziskus-stiftung-kreuzburg.de\/cms\/wp-json\/wp\/v2\/posts\/521\/revisions"}],"predecessor-version":[{"id":551,"href":"https:\/\/www.franziskus-stiftung-kreuzburg.de\/cms\/wp-json\/wp\/v2\/posts\/521\/revisions\/551"}],"wp:attachment":[{"href":"https:\/\/www.franziskus-stiftung-kreuzburg.de\/cms\/wp-json\/wp\/v2\/media?parent=521"}],"wp:term":[{"taxonomy":"category","embeddable":true,"href":"https:\/\/www.franziskus-stiftung-kreuzburg.de\/cms\/wp-json\/wp\/v2\/categories?post=521"},{"taxonomy":"post_tag","embeddable":true,"href":"https:\/\/www.franziskus-stiftung-kreuzburg.de\/cms\/wp-json\/wp\/v2\/tags?post=521"}],"curies":[{"name":"wp","href":"https:\/\/api.w.org\/{rel}","templated":true}]}}